{"id":14943,"date":"2020-03-09T16:22:32","date_gmt":"2020-03-09T20:22:32","guid":{"rendered":"https:\/\/www.cca-acc.com\/non-classifiee\/cca-cancels-annual-conference\/"},"modified":"2020-08-18T17:24:12","modified_gmt":"2020-08-18T17:24:12","slug":"lacc-annule-sa-conference-annuelle-a-san-diego-en-raison-de-letat-durgence","status":"publish","type":"post","link":"https:\/\/www.cca-acc.com\/fr\/lacc-annule-sa-conference-annuelle-a-san-diego-en-raison-de-letat-durgence\/","title":{"rendered":"L\u2019ACC annule sa conf\u00e9rence annuelle \u00e0 San Diego en raison de l\u2019\u00e9tat d\u2019urgence"},"content":{"rendered":"\n<p>OTTAWA, le 9 mars 2020 \u2013 L\u2019Association canadienne de la construction (ACC) a annonc\u00e9 l\u2019annulation de sa conf\u00e9rence annuelle et de ses r\u00e9unions d\u2019affaires qui devaient avoir lieu \u00e0 San Diego du 12 au 18 mars 2020. L\u2019\u00e9tat de la Californie et le comt\u00e9 de San Diego ont tous deux d\u00e9cr\u00e9t\u00e9 l\u2019\u00e9tat d\u2019urgence en raison de COVID-19.<\/p>\n\n\n\n<p>La d\u00e9cision du conseil d\u2019administration a \u00e9t\u00e9 guid\u00e9e par la priorit\u00e9 de prot\u00e9ger la sant\u00e9 et la s\u00e9curit\u00e9 de ses d\u00e9l\u00e9gu\u00e9s, de ses employ\u00e9s et de l&#8217;industrie.<\/p>\n\n\n\n<p>\u00ab La situation continue \u00e0 \u00e9voluer rapidement, et notre association ne pouvait pas aller de l\u2019avant avec confiance et tenir ses r\u00e9unions \u00e0 San Diego. Bien que nous soyons tous d\u00e9\u00e7us de ne pas pouvoir nous r\u00e9unir pour c\u00e9l\u00e9brer l\u2019industrie comme nous le faisons chaque ann\u00e9e, nous avons l\u2019intention d\u2019examiner les possibilit\u00e9s de nous r\u00e9unir virtuellement. Nous remercions tous nos commanditaires de leur soutien ainsi que nos d\u00e9l\u00e9gu\u00e9s et membres de leur compr\u00e9hension, \u00bb a d\u00e9clar\u00e9 Mary Van Buren, pr\u00e9sidente de l\u2019ACC.<\/p>\n\n\n\n<p>D\u2019autres mises \u00e0 jour de l\u2019ACC sont affich\u00e9es sur le site Web au <a href=\"https:\/\/www.cca-acc.com\/fr\">cca-acc.com<\/a><\/p>\n\n\n\n<h3 class=\"wp-block-heading\">Personne-ressource<\/h3>\n\n\n\n<p>Rodrigue Gilbert<br>Vice-pr\u00e9sident, Affaires publiques<br>613-236-9455, poste 432<br><a href=\"mailto:rgilbert@cca-acc.com\" target=\"_blank\" rel=\"noreferrer noopener\">rgilbert@cca-acc.com<\/a><\/p>\n","protected":false},"excerpt":{"rendered":"<p>OTTAWA, le 9 mars 2020 \u2013 L\u2019Association canadienne de la construction (ACC) a annonc\u00e9 l\u2019annulation de sa conf\u00e9rence annuelle et de ses r\u00e9unions d\u2019affaires qui devaient avoir lieu \u00e0 San Diego du 12 au 18 mars 2020. L\u2019\u00e9tat de la Californie et le comt\u00e9 de San Diego ont tous deux d\u00e9cr\u00e9t\u00e9 l\u2019\u00e9tat d\u2019urgence en raison [&hellip;]<\/p>\n","protected":false},"author":1,"featured_media":0,"comment_status":"closed","ping_status":"closed","sticky":false,"template":"","format":"standard","meta":{"_acf_changed":false,"footnotes":""},"categories":[97],"tags":[],"class_list":["post-14943","post","type-post","status-publish","format-standard","hentry","category-communiques"],"acf":[],"_links":{"self":[{"href":"https:\/\/www.cca-acc.com\/fr\/wp-json\/wp\/v2\/posts\/14943","targetHints":{"allow":["GET"]}}],"collection":[{"href":"https:\/\/www.cca-acc.com\/fr\/wp-json\/wp\/v2\/posts"}],"about":[{"href":"https:\/\/www.cca-acc.com\/fr\/wp-json\/wp\/v2\/types\/post"}],"author":[{"embeddable":true,"href":"https:\/\/www.cca-acc.com\/fr\/wp-json\/wp\/v2\/users\/1"}],"replies":[{"embeddable":true,"href":"https:\/\/www.cca-acc.com\/fr\/wp-json\/wp\/v2\/comments?post=14943"}],"version-history":[{"count":0,"href":"https:\/\/www.cca-acc.com\/fr\/wp-json\/wp\/v2\/posts\/14943\/revisions"}],"wp:attachment":[{"href":"https:\/\/www.cca-acc.com\/fr\/wp-json\/wp\/v2\/media?parent=14943"}],"wp:term":[{"taxonomy":"category","embeddable":true,"href":"https:\/\/www.cca-acc.com\/fr\/wp-json\/wp\/v2\/categories?post=14943"},{"taxonomy":"post_tag","embeddable":true,"href":"https:\/\/www.cca-acc.com\/fr\/wp-json\/wp\/v2\/tags?post=14943"}],"curies":[{"name":"wp","href":"https:\/\/api.w.org\/{rel}","templated":true}]}}