{"id":15036,"date":"2017-10-16T08:00:48","date_gmt":"2017-10-16T12:00:48","guid":{"rendered":"https:\/\/www.cca-acc.com\/non-classifiee\/mary-van-buren-starts-as-cca-president\/"},"modified":"2022-07-12T13:36:41","modified_gmt":"2022-07-12T17:36:41","slug":"lacc-accueille-sa-nouvelle-presidente-mary-van-buren","status":"publish","type":"post","link":"https:\/\/www.cca-acc.com\/fr\/lacc-accueille-sa-nouvelle-presidente-mary-van-buren\/","title":{"rendered":"L\u2019ACC accueille sa nouvelle pr\u00e9sidente, Mary Van Buren"},"content":{"rendered":"\n<p>OTTAWA, le lundi 16 octobre 2017 \u2014 Mme Mary Van Buren, sp\u00e9cialiste bilingue en marketing, strat\u00e9gies et technologies num\u00e9riques, entre en fonction aujourd\u2019hui \u00e0 l\u2019Association canadienne de la construction en qualit\u00e9 de pr\u00e9sidente.<\/p>\n\n\n\n<figure class=\"wp-block-image size-thumbnail\"><img loading=\"lazy\" decoding=\"async\" width=\"150\" height=\"150\" src=\"https:\/\/www.cca-acc.com\/wp-content\/uploads\/2021\/03\/Mary-Van-Buren-150x150.jpg\" alt=\"Mary Van Buren\" class=\"wp-image-20337\" srcset=\"https:\/\/www.cca-acc.com\/wp-content\/uploads\/2021\/03\/Mary-Van-Buren-150x150.jpg 150w, https:\/\/www.cca-acc.com\/wp-content\/uploads\/2021\/03\/Mary-Van-Buren-300x300.jpg 300w, https:\/\/www.cca-acc.com\/wp-content\/uploads\/2021\/03\/Mary-Van-Buren-100x100.jpg 100w\" sizes=\"auto, (max-width: 150px) 100vw, 150px\" \/><\/figure>\n\n\n\n<p>Mme Van Buren a travaill\u00e9 dans les secteurs priv\u00e9, public et \u00e0 but non lucratif et a occup\u00e9 divers postes de direction au sein d&#8217;associations et d\u2019organismes \u00e0 but non lucratif de premier plan, dont Gestion financi\u00e8re MD qui est une soci\u00e9t\u00e9 de l\u2019Association m\u00e9dicale canadienne et Exportation et d\u00e9veloppement Canada. Dans son plus r\u00e9cent r\u00f4le de vice-pr\u00e9sidente du Marketing et de l\u2019Infotechnologie \u00e0 l\u2019Association canadienne de l\u2019immeuble, elle a dirig\u00e9 une \u00e9quipe de 60 personnes qui a r\u00e9ussi \u00e0 faire cro\u00eetre les principaux services, REALTOR.ca et WEBForms\u00ae, \u00e0 un taux de croissance dans les deux chiffres.<\/p>\n\n\n\n<p>Mme Van Buren est titulaire d\u2019une ma\u00eetrise en administration des affaires internationales de l\u2019Universit\u00e9 McGill et d\u2019un baccalaur\u00e9at en commerce de l\u2019Universit\u00e9 d\u2019Ottawa et d\u00e9tient le titre de Cadre d\u2019association \u00e9m\u00e9rite.<\/p>\n\n\n\n<h3 class=\"wp-block-heading\">Ses atouts : expertise en marketing et bilinguisme<\/h3>\n\n\n\n<p>L\u2019ACC c\u00e9l\u00e8bre son centenaire en 2018 et est engag\u00e9e actuellement dans un exercice de planification strat\u00e9gique. \u00ab L\u2019exp\u00e9rience de Mme Van Buren dans les domaines du marketing et de la strat\u00e9gie s\u2019av\u00e9rera un atout pour fa\u00e7onner le prochain plan quinquennal de l\u2019ACC et communiquer nos nouvelles priorit\u00e9s et initiatives \u00e0 nos associations partenaires et \u00e0 nos membres \u00bb, a d\u00e9clar\u00e9 M. Chris McNally, pr\u00e9sident du Conseil d\u2019administration de l\u2019ACC.<\/p>\n\n\n\n<p>La plupart des associations de la construction au Qu\u00e9bec sont maintenant des associations partenaires de l\u2019ACC. Le mat\u00e9riel et les bulletins de l\u2019ACC sont publi\u00e9s dans les deux langues officielles et des services d\u2019interpr\u00e9tation simultan\u00e9e sont offerts pendant les r\u00e9unions du Conseil ainsi que certaines s\u00e9ances de la conf\u00e9rence de l\u2019ACC. \u00ab Le fait d\u2019avoir une pr\u00e9sidente bilingue renforcera davantage nos capacit\u00e9s et nos liens avec nos associations partenaires du Qu\u00e9bec \u00bb, a ajout\u00e9 M. McNally.<\/p>\n\n\n\n<h3 class=\"wp-block-heading\">Je suis ravie et honor\u00e9e<\/h3>\n\n\n\n<p>\u00ab C\u2019est une p\u00e9riode exaltante de joindre les rangs de l\u2019ACC et de l\u2019industrie de la construction. Je suis ravie et honor\u00e9e de travailler avec notre comit\u00e9 ex\u00e9cutif, le conseil d\u2019administration de l\u2019ACC et nos associations partenaires dans le but d\u2019accro\u00eetre la valeur de notre association et de faire valoir les int\u00e9r\u00eats de l\u2019industrie de la construction, laquelle constitue une pierre angulaire de l\u2019\u00e9conomie canadienne \u00bb, a d\u00e9clar\u00e9 Mme Van Buren.<\/p>\n\n\n\n<h3 class=\"wp-block-heading\">Mot de remerciement au pr\u00e9sident sortant M. Michael Atkinson<\/h3>\n\n\n\n<p>M. Michael Atkinson, qui s\u2019est joint \u00e0 l\u2019ACC en 1981, a occup\u00e9 le poste de pr\u00e9sident de l\u2019ACC depuis 1993. \u00ab M. Atkinson a jou\u00e9 un r\u00f4le de premier plan dans le succ\u00e8s que conna\u00eet l\u2019ACC depuis plusieurs d\u00e9cennies, a d\u00e9clar\u00e9 M. McNally. Nous lui souhaitons une bonne retraite. \u00bb<\/p>\n\n\n\n<h3 class=\"wp-block-heading\">Renseignements compl\u00e9mentaires<\/h3>\n\n\n\n<p><a href=\"http:\/\/www.cca-acc.com\/wp-content\/uploads\/2017\/10\/Biographie_MVanBuren.pdf\" target=\"_blank\" rel=\"noreferrer noopener\">Biographie de Mary Van Buren<\/a><\/p>\n\n\n\n<h3 class=\"wp-block-heading\">Personne-ressource<\/h3>\n\n\n\n<p>Kirsi O\u2019Connor<br>Directrice, Communications<br>613-236-9455, poste 417<br><a href=\"mailto:koconnor@cca-acc.com\">koconnor@cca-acc.com<\/a><\/p>\n","protected":false},"excerpt":{"rendered":"<p>OTTAWA, le lundi 16 octobre 2017 \u2014 Mme Mary Van Buren, sp\u00e9cialiste bilingue en marketing, strat\u00e9gies et technologies num\u00e9riques, entre en fonction aujourd\u2019hui \u00e0 l\u2019Association canadienne de la construction en qualit\u00e9 de pr\u00e9sidente. Mme Van Buren a travaill\u00e9 dans les secteurs priv\u00e9, public et \u00e0 but non lucratif et a occup\u00e9 divers postes de direction [&hellip;]<\/p>\n","protected":false},"author":1,"featured_media":0,"comment_status":"closed","ping_status":"closed","sticky":false,"template":"","format":"standard","meta":{"_acf_changed":false,"footnotes":""},"categories":[97],"tags":[],"class_list":["post-15036","post","type-post","status-publish","format-standard","hentry","category-communiques"],"acf":[],"_links":{"self":[{"href":"https:\/\/www.cca-acc.com\/fr\/wp-json\/wp\/v2\/posts\/15036","targetHints":{"allow":["GET"]}}],"collection":[{"href":"https:\/\/www.cca-acc.com\/fr\/wp-json\/wp\/v2\/posts"}],"about":[{"href":"https:\/\/www.cca-acc.com\/fr\/wp-json\/wp\/v2\/types\/post"}],"author":[{"embeddable":true,"href":"https:\/\/www.cca-acc.com\/fr\/wp-json\/wp\/v2\/users\/1"}],"replies":[{"embeddable":true,"href":"https:\/\/www.cca-acc.com\/fr\/wp-json\/wp\/v2\/comments?post=15036"}],"version-history":[{"count":0,"href":"https:\/\/www.cca-acc.com\/fr\/wp-json\/wp\/v2\/posts\/15036\/revisions"}],"wp:attachment":[{"href":"https:\/\/www.cca-acc.com\/fr\/wp-json\/wp\/v2\/media?parent=15036"}],"wp:term":[{"taxonomy":"category","embeddable":true,"href":"https:\/\/www.cca-acc.com\/fr\/wp-json\/wp\/v2\/categories?post=15036"},{"taxonomy":"post_tag","embeddable":true,"href":"https:\/\/www.cca-acc.com\/fr\/wp-json\/wp\/v2\/tags?post=15036"}],"curies":[{"name":"wp","href":"https:\/\/api.w.org\/{rel}","templated":true}]}}