{"id":15039,"date":"2017-08-31T11:44:56","date_gmt":"2017-08-31T15:44:56","guid":{"rendered":"https:\/\/www.cca-acc.com\/non-classifiee\/cca-joins-coalition\/"},"modified":"2020-10-23T15:44:39","modified_gmt":"2020-10-23T15:44:39","slug":"lacc-se-joint-a-la-coalition-pour-lequite-fiscale-envers-les-pme","status":"publish","type":"post","link":"https:\/\/www.cca-acc.com\/fr\/lacc-se-joint-a-la-coalition-pour-lequite-fiscale-envers-les-pme\/","title":{"rendered":"L&#8217;ACC se joint \u00e0 la Coalition pour l\u2019\u00e9quit\u00e9 fiscale envers les PME"},"content":{"rendered":"\n<p>OTTAWA, le jeudi 31 ao\u00fbt 2017 &#8212; Trente-cinq associations d\u2019entreprises, incluant l\u2019ACC, ont uni leur voix pour former la Coalition pour l\u2019\u00e9quit\u00e9 fiscale envers les PME. Elles veulent ainsi marquer leur opposition au projet de modifications que le gouvernement f\u00e9d\u00e9ral souhaite apporter \u00e0 la fiscalit\u00e9 des PME, modifications qui transformeraient radicalement la fa\u00e7on dont les entreprises canadiennes sont impos\u00e9es.<\/p>\n\n\n\n<p>Lisez la <a href=\"http:\/\/www.cca-acc.com\/wp-content\/uploads\/2017\/08\/equitefiscalepme.pdf\" target=\"_blank\" rel=\"noreferrer noopener\">lettre que la Coalition a envoy\u00e9e au ministre des Finances Bill Morneau<\/a> hier et qui a \u00e9t\u00e9 rendue publique aujourd&#8217;hui. L\u2019ACC continuera de travailler avec la Coalition pour s&#8217;assurer que les pr\u00e9occupations de notre industrie sont entendues au plus haut niveau.<\/p>\n\n\n\n<h3 class=\"wp-block-heading\">Personne-ressource<\/h3>\n\n\n\n<p>Kyle Larkin<br>Gestionnaire int\u00e9rimaire, Relations gouvernementales<br>613-236-9455, poste 415<br><a href=\"mailto:klarkin@cca-acc.com\">klarkin@cca-acc.com<\/a><\/p>\n","protected":false},"excerpt":{"rendered":"<p>OTTAWA, le jeudi 31 ao\u00fbt 2017 &#8212; Trente-cinq associations d\u2019entreprises, incluant l\u2019ACC, ont uni leur voix pour former la Coalition pour l\u2019\u00e9quit\u00e9 fiscale envers les PME. Elles veulent ainsi marquer leur opposition au projet de modifications que le gouvernement f\u00e9d\u00e9ral souhaite apporter \u00e0 la fiscalit\u00e9 des PME, modifications qui transformeraient radicalement la fa\u00e7on dont les [&hellip;]<\/p>\n","protected":false},"author":1,"featured_media":0,"comment_status":"closed","ping_status":"closed","sticky":false,"template":"","format":"standard","meta":{"_acf_changed":false,"footnotes":""},"categories":[96],"tags":[],"class_list":["post-15039","post","type-post","status-publish","format-standard","hentry","category-press-releases"],"acf":[],"_links":{"self":[{"href":"https:\/\/www.cca-acc.com\/fr\/wp-json\/wp\/v2\/posts\/15039","targetHints":{"allow":["GET"]}}],"collection":[{"href":"https:\/\/www.cca-acc.com\/fr\/wp-json\/wp\/v2\/posts"}],"about":[{"href":"https:\/\/www.cca-acc.com\/fr\/wp-json\/wp\/v2\/types\/post"}],"author":[{"embeddable":true,"href":"https:\/\/www.cca-acc.com\/fr\/wp-json\/wp\/v2\/users\/1"}],"replies":[{"embeddable":true,"href":"https:\/\/www.cca-acc.com\/fr\/wp-json\/wp\/v2\/comments?post=15039"}],"version-history":[{"count":0,"href":"https:\/\/www.cca-acc.com\/fr\/wp-json\/wp\/v2\/posts\/15039\/revisions"}],"wp:attachment":[{"href":"https:\/\/www.cca-acc.com\/fr\/wp-json\/wp\/v2\/media?parent=15039"}],"wp:term":[{"taxonomy":"category","embeddable":true,"href":"https:\/\/www.cca-acc.com\/fr\/wp-json\/wp\/v2\/categories?post=15039"},{"taxonomy":"post_tag","embeddable":true,"href":"https:\/\/www.cca-acc.com\/fr\/wp-json\/wp\/v2\/tags?post=15039"}],"curies":[{"name":"wp","href":"https:\/\/api.w.org\/{rel}","templated":true}]}}