{"id":15075,"date":"2015-03-26T12:08:29","date_gmt":"2015-03-26T16:08:29","guid":{"rendered":"https:\/\/www.cca-acc.com\/non-classifiee\/anibal-valente-elected-2015-chair\/"},"modified":"2020-10-23T15:36:36","modified_gmt":"2020-10-23T15:36:36","slug":"m-anibal-valente-est-nomme-au-poste-de-president-du-conseil-de-2015-de-lacc","status":"publish","type":"post","link":"https:\/\/www.cca-acc.com\/fr\/m-anibal-valente-est-nomme-au-poste-de-president-du-conseil-de-2015-de-lacc\/","title":{"rendered":"M. Anibal Valente est nomm\u00e9 au poste de pr\u00e9sident du Conseil de 2015 de l\u2019ACC"},"content":{"rendered":"\n<p>SAN ANTONIO, TX, le jeudi 26 mars 2015 \u2013 L\u2019Association canadienne de la construction (ACC) a nomm\u00e9 M. Anibal Valente au poste de pr\u00e9sident du Conseil d\u2019administration de 2015 lors de son assembl\u00e9e g\u00e9n\u00e9rale annuelle qui a eu lieu dans le cadre de la conf\u00e9rence annuelle de l\u2019ACC. M. Valente remplace M. Serge Massicotte, pr\u00e9sident de Massicotte Construction, une entreprise de construction g\u00e9n\u00e9rale situ\u00e9e \u00e0 Ottawa, en Ontario. M. Valente est vice-pr\u00e9sident de <a href=\"http:\/\/www.pcl.com\/Pages\/default.aspx\" target=\"_blank\" rel=\"noreferrer noopener\">PCL Constructors Inc<\/a>, un groupe d\u2019entreprises de construction ind\u00e9pendantes qui exercent des activit\u00e9s dans les secteurs de l\u2019infrastructure civile, de l\u2019industrie lourde et du b\u00e2timent dans l\u2019ensemble du Canada, aux \u00c9tats-Unis, dans les Cara\u00efbes et en Australie.<\/p>\n\n\n\n<p>Au cours de ses 35 ann\u00e9es de carri\u00e8re chez PCL, il a occup\u00e9 plusieurs postes de direction en Colombie-Britannique et en Saskatchewan. M. Valente s\u2019est joint au Conseil de l\u2019ACC en 2006 et est devenu membre du comit\u00e9 ex\u00e9cutif de l\u2019ACC en 2010. Il a si\u00e9g\u00e9 comme membre du conseil de la Regina Construction Association et comme pr\u00e9sident du conseil de la Saskatchewan Construction Association, de la BC Construction Association, de la Vancouver R\u00e9gional Construction Association et du conseil consultatif de la Fondation de l\u2019Institut de technologie de la C.-B.<\/p>\n\n\n\n<p>Son d\u00e9vouement et son engagement envers l\u2019industrie de la construction lui ont valu de nombreuses reconnaissances. En 2013, il s\u2019est vu d\u00e9cerner la M\u00e9daille du jubil\u00e9 de diamant de la reine Elizabeth II pour souligner sa contribution exceptionnelle \u00e0 l\u2019industrie de la construction. En 2014, il a \u00e9t\u00e9 nomm\u00e9 entrepreneur g\u00e9n\u00e9ral de l\u2019ann\u00e9e de l\u2019ACC et a re\u00e7u le titre honorifique de membre \u00e0 vie de la Vancouver Regional Construction Association.<\/p>\n\n\n\n<p>Dans son allocution devant l\u2019assembl\u00e9e g\u00e9n\u00e9rale annuelle, M. Valente a mis en relief les domaines cl\u00e9s sur lesquels l\u2019ACC doit se pencher afin d\u2019offrir \u00e0 ses membres les meilleurs services qui soient. Les cinq th\u00e8mes tir\u00e9s du nouveau plan strat\u00e9gique de l\u2019ACC \u2013 la d\u00e9fense des int\u00e9r\u00eats, les pratiques exemplaires de l\u2019industrie, la communication avec les membres et les associations partenaires, l\u2019avancement de l\u2019industrie et le processus d\u00e9cisionnel \u2013 ont \u00e9t\u00e9 d\u00e9finis dans le cadre d\u2019un processus de consultation avec les associations partenaires qui a \u00e9t\u00e9 amorc\u00e9 lors du Sommet de l\u2019industrie de la construction de 2014. \u00ab Chacun de ces th\u00e8mes strat\u00e9giques souligne le r\u00f4le important que notre association doit jouer pour donner suite aux enjeux de l\u2019industrie \u00bb, a d\u00e9clar\u00e9 M. Valente. \u00ab Je suis persuad\u00e9 que ce plan strat\u00e9gique fournira \u00e0 l\u2019ACC l\u2019orientation n\u00e9cessaire pour r\u00e9pondre aux int\u00e9r\u00eats et aux besoins de ses membres.<\/p>\n\n\n\n<p><a href=\"http:\/\/www.dailycommercialnews.com\/Associations\/News\/2015\/3\/2015-CCA-chair-has-deep-roots-in-construction-1006461W\/\" target=\"_blank\" rel=\"noreferrer noopener\">Lisez un entretien avec Anibal <\/a>(Daily Commercial News) (en anglais)<\/p>\n\n\n\n<figure><iframe loading=\"lazy\" src=\"https:\/\/www.youtube.com\/embed\/niorxMnTbCM\" width=\"280\" height=\"157\" allowfullscreen=\"allowfullscreen\"><\/iframe><\/figure>\n\n\n\n<h3 class=\"wp-block-heading\">Personne-ressource<\/h3>\n\n\n\n<p>Kirsi O\u2019Connor<br>Directrice du marketing et des communications<br>613-236-9455, poste 417<br><a href=\"mailto:koconnor@cca-acc.com\">koconnor@cca-acc.com<\/a><\/p>\n","protected":false},"excerpt":{"rendered":"<p>SAN ANTONIO, TX, le jeudi 26 mars 2015 \u2013 L\u2019Association canadienne de la construction (ACC) a nomm\u00e9 M. Anibal Valente au poste de pr\u00e9sident du Conseil d\u2019administration de 2015 lors de son assembl\u00e9e g\u00e9n\u00e9rale annuelle qui a eu lieu dans le cadre de la conf\u00e9rence annuelle de l\u2019ACC. M. Valente remplace M. Serge Massicotte, pr\u00e9sident [&hellip;]<\/p>\n","protected":false},"author":1,"featured_media":0,"comment_status":"closed","ping_status":"closed","sticky":false,"template":"","format":"standard","meta":{"_acf_changed":false,"footnotes":""},"categories":[97],"tags":[],"class_list":["post-15075","post","type-post","status-publish","format-standard","hentry","category-communiques"],"acf":[],"_links":{"self":[{"href":"https:\/\/www.cca-acc.com\/fr\/wp-json\/wp\/v2\/posts\/15075","targetHints":{"allow":["GET"]}}],"collection":[{"href":"https:\/\/www.cca-acc.com\/fr\/wp-json\/wp\/v2\/posts"}],"about":[{"href":"https:\/\/www.cca-acc.com\/fr\/wp-json\/wp\/v2\/types\/post"}],"author":[{"embeddable":true,"href":"https:\/\/www.cca-acc.com\/fr\/wp-json\/wp\/v2\/users\/1"}],"replies":[{"embeddable":true,"href":"https:\/\/www.cca-acc.com\/fr\/wp-json\/wp\/v2\/comments?post=15075"}],"version-history":[{"count":0,"href":"https:\/\/www.cca-acc.com\/fr\/wp-json\/wp\/v2\/posts\/15075\/revisions"}],"wp:attachment":[{"href":"https:\/\/www.cca-acc.com\/fr\/wp-json\/wp\/v2\/media?parent=15075"}],"wp:term":[{"taxonomy":"category","embeddable":true,"href":"https:\/\/www.cca-acc.com\/fr\/wp-json\/wp\/v2\/categories?post=15075"},{"taxonomy":"post_tag","embeddable":true,"href":"https:\/\/www.cca-acc.com\/fr\/wp-json\/wp\/v2\/tags?post=15075"}],"curies":[{"name":"wp","href":"https:\/\/api.w.org\/{rel}","templated":true}]}}