{"id":43610,"date":"2023-10-04T09:00:00","date_gmt":"2023-10-04T13:00:00","guid":{"rendered":"https:\/\/www.cca-acc.com\/?p=43610"},"modified":"2023-10-04T09:10:08","modified_gmt":"2023-10-04T13:10:08","slug":"renforcer-les-bases-de-la-croissance-economique","status":"publish","type":"post","link":"https:\/\/www.cca-acc.com\/fr\/renforcer-les-bases-de-la-croissance-economique\/","title":{"rendered":"Le gouvernement doit s\u2019associer \u00e0 l\u2019industrie canadienne de la construction pour renforcer les bases de la croissance \u00e9conomique"},"content":{"rendered":"\n<p><strong>OTTAWA<\/strong>, le 4&nbsp;octobre&nbsp;2023<\/p>\n\n\n\n<p>Alors que de nombreux Canadiens sont boulevers\u00e9s par la crise du logement, le co\u00fbt \u00e9lev\u00e9 de la vie et l\u2019incertitude \u00e9conomique qui p\u00e8sent sur leur vie quotidienne, l\u2019Association canadienne de la construction (ACC) lance un appel \u00e0 l\u2019action au gouvernement f\u00e9d\u00e9ral pour qu\u2019il s\u2019associe \u00e0 l\u2019industrie de la construction afin de b\u00e2tir <a rel=\"noreferrer noopener\" href=\"https:\/\/rac.cca-acc.com\/cca\/des-fondations-solides-pour-un-canada-plus-robuste\/\" target=\"_blank\"><strong><em>des fondations solides pour un Canada plus robuste<\/em><\/strong><\/a>.<\/p>\n\n\n\n<p>Les estimations de la Soci\u00e9t\u00e9 canadienne d\u2019hypoth\u00e8que et de logement r\u00e9v\u00e8lent que le Canada doit construire 3,5&nbsp;millions de logements suppl\u00e9mentaires d\u2019ici \u00e0 2030, en plus de ce qui est actuellement pr\u00e9vu. Compte tenu de la p\u00e9nurie actuelle de main-d\u2019\u0153uvre dans le secteur de la construction, l\u2019industrie ne dispose tout simplement pas des travailleurs n\u00e9cessaires pour r\u00e9pondre aux besoins pr\u00e9vus en mati\u00e8re de construction. Si l\u2019on ajoute \u00e0 cela l\u2019inflation, la hausse des taux d\u2019int\u00e9r\u00eat et l\u2019abordabilit\u00e9, ainsi que la d\u00e9t\u00e9rioration des infrastructures de base du Canada, il devient \u00e9vident que le pays a un besoin urgent d\u2019une strat\u00e9gie holistique et \u00e0 long terme pour se mettre sur la bonne voie.&nbsp;<\/p>\n\n\n\n<p>Gr\u00e2ce \u00e0 sa plateforme de d\u00e9fense d\u2019int\u00e9r\u00eats en ligne, le <a href=\"https:\/\/rac.cca-acc.com\/cca\/des-fondations-solides-pour-un-canada-plus-robuste\/\" target=\"_blank\" rel=\"noreferrer noopener\">R\u00e9seau d\u2019action des constructeurs<\/a>, <strong>l\u2019ACC exhorte ses 18&nbsp;000&nbsp;membres et le public \u00e0 envoyer une lettre \u00e0 leurs d\u00e9put\u00e9s locaux <\/strong>pour leur rappeler l\u2019importance d\u2019un partenariat avec l\u2019industrie afin d\u2019apporter les changements strat\u00e9giques suivants&nbsp;:<\/p>\n\n\n\n<ul class=\"wp-block-list\">\n<li>S\u2019engager dans une strat\u00e9gie globale d\u2019investissement \u00e0 long terme dans les infrastructures, dont un plan sur 25&nbsp;ans pour le logement et les infrastructures favorisant le commerce.&nbsp;<\/li>\n<\/ul>\n\n\n\n<ul class=\"wp-block-list\">\n<li>Rem\u00e9dier aux p\u00e9nuries de main-d\u2019\u0153uvre en modernisant la politique d\u2019immigration et le syst\u00e8me de points existants afin de mieux refl\u00e9ter les besoins de l\u2019\u00e9conomie canadienne en mati\u00e8re de main-d\u2019\u0153uvre.<\/li>\n<\/ul>\n\n\n\n<ul class=\"wp-block-list\">\n<li>Moderniser les proc\u00e9dures d\u2019approvisionnement de fa\u00e7on \u00e0 mieux \u00e9quilibrer le partage des risques entre les march\u00e9s propri\u00e9taires et le secteur priv\u00e9, r\u00e9duire les formalit\u00e9s administratives et acc\u00e9l\u00e9rer les approbations pour les projets essentiels.<\/li>\n<\/ul>\n\n\n\n<p>Bien que le gouvernement f\u00e9d\u00e9ral ait lanc\u00e9 divers programmes, tels que le programme Entr\u00e9e Express pour cibler les immigrants ayant des comp\u00e9tences tr\u00e8s demand\u00e9es, et plusieurs initiatives dans le cadre de la strat\u00e9gie nationale du logement visant \u00e0 acc\u00e9l\u00e9rer la construction de nouveaux logements, ces mesures sont des solutions \u00e0 court terme \u00e0 des probl\u00e8mes qui n\u00e9cessitent des consultations, des partenariats et de la planification \u00e0 long terme.<\/p>\n\n\n\n<p>En plus de la campagne, l\u2019ACC organisera sa Journ\u00e9e annuelle sur la Colline le 7&nbsp;novembre, au cours de laquelle des repr\u00e9sentants de l\u2019industrie rencontreront des parlementaires pour discuter du r\u00f4le essentiel du secteur de la construction dans la cr\u00e9ation et l\u2019entretien de l\u2019infrastructure que les Canadiens utilisent quotidiennement. Il s\u2019agit notamment de l\u2019infrastructure de base au c\u0153ur des nouveaux logements et des nouvelles communaut\u00e9s.<\/p>\n\n\n\n<p>Avec la construction comme partenaire, le gouvernement f\u00e9d\u00e9ral peut construire un Canada plus fort gr\u00e2ce \u00e0 des investissements globaux dans les infrastructures, au d\u00e9veloppement de la main-d\u2019\u0153uvre et \u00e0 la modernisation des proc\u00e9dures d\u2019approvisionnement.<\/p>\n\n\n\n<p class=\"has-large-font-size\"><mark style=\"background-color:rgba(0, 0, 0, 0)\" class=\"has-inline-color has-ccp-accent-color\"><strong>Ajoutez votre voix \u00e0 la campagne de l\u2019ACC, <a rel=\"noreferrer noopener\" href=\"https:\/\/rac.cca-acc.com\/cca\/des-fondations-solides-pour-un-canada-plus-robuste\/\" target=\"_blank\"><em>Des fondations solides pour un Canada plus robuste<\/em><\/a>, en envoyant une lettre \u00e0 votre d\u00e9put\u00e9.<\/strong><\/mark><\/p>\n\n\n\n<p><strong>Contact<\/strong><br>Rodrigue Gilbert<br>Vice-pr\u00e9sident principal,<br>Affaires publiques et pratiques d\u2019approvisionnement<br>613-236-9455, poste&nbsp;102<br><a href=\"mailto:rgilbert@cca-acc.com\" target=\"_blank\" rel=\"noreferrer noopener\">rgilbert@cca-acc.com<\/a><\/p>\n\n\n\n<p><strong>Sites Web<\/strong><br><a href=\"https:\/\/www.cca-acc.com\/fr\/\" target=\"_blank\" rel=\"noreferrer noopener\">cca-acc.com\/fr<\/a><\/p>\n\n\n\n<p><strong>M\u00e9dias sociaux<\/strong><br>Twitter&nbsp;:&nbsp;<a rel=\"noreferrer noopener\" href=\"https:\/\/twitter.com\/ConstructionCAN\" target=\"_blank\">@ConstructionCAN<br><\/a>LinkedIn&nbsp;:&nbsp;<a rel=\"noreferrer noopener\" href=\"https:\/\/www.linkedin.com\/authwall?trk=bf&amp;trkInfo=AQHckUhHrVy0-wAAAXTBXe-o98ghi5fYa0G0MErdcCtHMb5yYh-Bw4QYqBMDsNHIbfcgUnkZNNcwBPAfqyVaJEx8gh_MJX1TkITKJXti3WNS7Ufls-4yr2Z1e7ho0zAdPZ1pLTE=&amp;originalReferer=&amp;sessionRedirect=https:\/\/www.linkedin.com\/company\/canadian-construction-association---association-canadienne-de-la-construction\/\" target=\"_blank\">Canadian Construction Association-Association Canadienne de la Construction<br><\/a>YouTube&nbsp;:&nbsp;<a rel=\"noreferrer noopener\" href=\"https:\/\/www.youtube.com\/user\/ConstructionCAN\" target=\"_blank\">ConstructionCAN<\/a><\/p>\n\n\n\n<hr class=\"wp-block-separator has-alpha-channel-opacity\"\/>\n\n\n\n<p><strong>\u00c0 propos de l\u2019ACC<\/strong><br>L\u2019Association canadienne de la construction (ACC) repr\u00e9sente plus de 18&nbsp;000&nbsp;entreprises membres provenant de 62&nbsp;associations partenaires int\u00e9gr\u00e9es locales et provinciales \u00e0 travers le Canada. L\u2019ACC fait entendre la voix des entrepreneurs, des fournisseurs et des professionnels des secteurs connexes qui travaillent dans ou avec l\u2019industrie canadienne de la construction institutionnelle, commerciale, industrielle et civile (ICIC), en mati\u00e8re de politiques publiques, de l\u00e9gislation et d\u2019\u00e9laboration de normes.<\/p>\n\n\n\n<p>Le secteur de la construction est l\u2019un des plus gros employeurs du Canada et contribue largement \u00e0 la r\u00e9ussite \u00e9conomique du pays. L\u2019industrie emploie quelque 1,6&nbsp;million de personnes au Canada et contribue annuellement \u00e0 l\u2019\u00e9conomie \u00e0 hauteur d\u2019environ 151&nbsp;milliards de dollars, soit quelque 7,4&nbsp;% du produit int\u00e9rieur brut du Canada (PIB).<\/p>\n","protected":false},"excerpt":{"rendered":"<p>OTTAWA, le 4&nbsp;octobre&nbsp;2023 Alors que de nombreux Canadiens sont boulevers\u00e9s par la crise du logement, le co\u00fbt \u00e9lev\u00e9 de la vie et l\u2019incertitude \u00e9conomique qui p\u00e8sent sur leur vie quotidienne, l\u2019Association canadienne de la construction (ACC) lance un appel \u00e0 l\u2019action au gouvernement f\u00e9d\u00e9ral pour qu\u2019il s\u2019associe \u00e0 l\u2019industrie de la construction afin de b\u00e2tir [&hellip;]<\/p>\n","protected":false},"author":36,"featured_media":43605,"comment_status":"closed","ping_status":"closed","sticky":false,"template":"","format":"standard","meta":{"_acf_changed":false,"footnotes":""},"categories":[97],"tags":[118,121],"class_list":["post-43610","post","type-post","status-publish","format-standard","has-post-thumbnail","hentry","category-communiques","tag-construction-fr","tag-infrastructure-fr"],"acf":[],"_links":{"self":[{"href":"https:\/\/www.cca-acc.com\/fr\/wp-json\/wp\/v2\/posts\/43610","targetHints":{"allow":["GET"]}}],"collection":[{"href":"https:\/\/www.cca-acc.com\/fr\/wp-json\/wp\/v2\/posts"}],"about":[{"href":"https:\/\/www.cca-acc.com\/fr\/wp-json\/wp\/v2\/types\/post"}],"author":[{"embeddable":true,"href":"https:\/\/www.cca-acc.com\/fr\/wp-json\/wp\/v2\/users\/36"}],"replies":[{"embeddable":true,"href":"https:\/\/www.cca-acc.com\/fr\/wp-json\/wp\/v2\/comments?post=43610"}],"version-history":[{"count":3,"href":"https:\/\/www.cca-acc.com\/fr\/wp-json\/wp\/v2\/posts\/43610\/revisions"}],"predecessor-version":[{"id":43662,"href":"https:\/\/www.cca-acc.com\/fr\/wp-json\/wp\/v2\/posts\/43610\/revisions\/43662"}],"wp:featuredmedia":[{"embeddable":true,"href":"https:\/\/www.cca-acc.com\/fr\/wp-json\/wp\/v2\/media\/43605"}],"wp:attachment":[{"href":"https:\/\/www.cca-acc.com\/fr\/wp-json\/wp\/v2\/media?parent=43610"}],"wp:term":[{"taxonomy":"category","embeddable":true,"href":"https:\/\/www.cca-acc.com\/fr\/wp-json\/wp\/v2\/categories?post=43610"},{"taxonomy":"post_tag","embeddable":true,"href":"https:\/\/www.cca-acc.com\/fr\/wp-json\/wp\/v2\/tags?post=43610"}],"curies":[{"name":"wp","href":"https:\/\/api.w.org\/{rel}","templated":true}]}}