{"id":45276,"date":"2023-11-22T11:30:00","date_gmt":"2023-11-22T16:30:00","guid":{"rendered":"https:\/\/www.cca-acc.com\/?p=45276"},"modified":"2023-11-22T11:45:04","modified_gmt":"2023-11-22T16:45:04","slug":"la-declaration-economique-dautomne-2023-manque-dactions-concretes","status":"publish","type":"post","link":"https:\/\/www.cca-acc.com\/fr\/la-declaration-economique-dautomne-2023-manque-dactions-concretes\/","title":{"rendered":"La d\u00e9claration \u00e9conomique d&#8217;automne\u00a02023 manque d\u2019actions concr\u00e8tes"},"content":{"rendered":"\n<p class=\"has-normal-font-size\"><strong>La d\u00e9claration d\u2019hier laisse entrevoir des changements positifs, mais le manque de d\u00e9tails rend l\u2019industrie prudente.<\/strong><\/p>\n\n\n\n<p><strong>OTTAWA, le 22 novembre 2023<\/strong> <br><br>La d\u00e9claration \u00e9conomique d\u2019automne&nbsp;2023 publi\u00e9e hier met l\u2019accent sur les investissements n\u00e9cessaires dans le domaine du logement, mais n\u2019est pas \u00e0 la hauteur dans d\u2019autres domaines importants, notamment en ce qui concerne les mesures visant \u00e0 renforcer l\u2019infrastructure commerciale du Canada. Environ deux tiers du PIB du Canada proviennent du commerce, mais la d\u00e9claration est rest\u00e9e muette sur le renforcement du r\u00e9seau commercial du Canada, qui finance l\u2019infrastructure sociale dont nous b\u00e9n\u00e9ficions.<\/p>\n\n\n\n<p>L\u2019annonce de l\u2019utilisation de la Banque canadienne d\u2019infrastructure pour soutenir la construction de logements pourrait enfin reconna\u00eetre le fait que l\u2019on ne peut pas construire plus de logements sans les infrastructures essentielles qui les soutiennent, une position que le secteur n\u2019a cess\u00e9 de rappeler \u00e0 tous les paliers de gouvernement. Or, les d\u00e9tails sur ces investissements n\u00e9cessaires manquent \u00e0 l\u2019appel. Le secteur s\u2019attend \u00e0 ce que le Budget&nbsp;2024 du gouvernement f\u00e9d\u00e9ral contienne un plan d\u2019investissement global \u00e0 long terme dans les infrastructures.<\/p>\n\n\n\n<p>Le secteur est encourag\u00e9 par le fait que le gouvernement f\u00e9d\u00e9ral reconnaisse la p\u00e9nurie de main-d\u2019\u0153uvre, mais l\u2019accent mis sur la mobilit\u00e9 interne de la main-d\u2019\u0153uvre plut\u00f4t que sur des changements politiques plus progressifs en mati\u00e8re d\u2019immigration n\u2019est pas la solution. La libre mobilit\u00e9 au sein du Canada n\u2019est tout simplement pas une solution ad\u00e9quate pour rem\u00e9dier \u00e0 la p\u00e9nurie de main-d\u2019\u0153uvre alors que, collectivement, nous n\u2019avons tout simplement pas assez de travailleurs d\u2019un oc\u00e9an \u00e0 l\u2019autre. C\u2019est pourquoi le secteur demande au gouvernement de contribuer \u00e0 rem\u00e9dier \u00e0 la p\u00e9nurie de main-d\u2019\u0153uvre en r\u00e9visant l\u2019immigration afin d\u2019attirer des travailleurs de l\u2019\u00e9tranger.<\/p>\n\n\n\n<p>Enfin, si l\u2019engagement \u00e0 acc\u00e9l\u00e9rer la construction des grands projets est positif, la mise en \u0153uvre d\u00e9pendra en partie de la volont\u00e9 du gouvernement de revoir et de moderniser ses pratiques en mati\u00e8re de passation de march\u00e9s. Il s\u2019agit notamment d\u2019envisager d\u2019autres mod\u00e8les de prestation et de mieux \u00e9quilibrer les risques entre les propri\u00e9taires et les entrepreneurs.&nbsp; L\u2019industrie de la construction du Canada continuera \u00e0 \u00eatre le partenaire qui aide le gouvernement \u00e0 construire des fondations solides pour un Canada plus robuste.<\/p>\n\n\n\n<hr class=\"wp-block-separator aligncenter has-alpha-channel-opacity\"\/>\n\n\n\n<p><strong>Contact<\/strong><br><strong>Rodrigue Gilbert<\/strong><br>Vice-pr\u00e9sident principal,<br>Affaires publiques et pratiques d\u2019approvisionnement<br>613-236-9455, poste&nbsp;102<br><a rel=\"noreferrer noopener\" href=\"mailto:rgilbert@cca-acc.com\" target=\"_blank\">rgilbert@cca-acc.com<\/a><\/p>\n\n\n\n<p><strong>Site Web<\/strong><br><a href=\"https:\/\/www.cca-acc.com\/fr\/\" target=\"_blank\" rel=\"noreferrer noopener\">cca-acc.com\/fr<\/a><\/p>\n\n\n\n<p><strong>M\u00e9dias sociaux<\/strong><br>Twitter&nbsp;:&nbsp;<a rel=\"noreferrer noopener\" href=\"https:\/\/twitter.com\/ConstructionCAN\" target=\"_blank\">@ConstructionCAN<\/a><br>LinkedIn&nbsp;:&nbsp;<a rel=\"noreferrer noopener\" href=\"https:\/\/www.linkedin.com\/authwall?trk=bf&amp;trkInfo=AQHckUhHrVy0-wAAAXTBXe-o98ghi5fYa0G0MErdcCtHMb5yYh-Bw4QYqBMDsNHIbfcgUnkZNNcwBPAfqyVaJEx8gh_MJX1TkITKJXti3WNS7Ufls-4yr2Z1e7ho0zAdPZ1pLTE=&amp;originalReferer=&amp;sessionRedirect=https:\/\/www.linkedin.com\/company\/canadian-construction-association---association-canadienne-de-la-construction\/\" target=\"_blank\">Canadian Construction Association-Association Canadienne de la Construction<\/a><a href=\"youtube:%C2%A0ConstructionCAN\"><\/a><br>YouTube:&nbsp;<a rel=\"noreferrer noopener\" href=\"https:\/\/www.youtube.com\/user\/ConstructionCAN\" target=\"_blank\">ConstructionCAN<\/a><\/p>\n\n\n\n<hr class=\"wp-block-separator aligncenter has-alpha-channel-opacity\"\/>\n\n\n\n<p><strong>\u00c0 propos de l\u2019ACC<\/strong><br>L\u2019Association canadienne de la construction (ACC) repr\u00e9sente plus de 18&nbsp;000&nbsp;entreprises membres provenant de 62&nbsp;associations partenaires int\u00e9gr\u00e9es locales et provinciales \u00e0 travers le Canada. L\u2019ACC fait entendre la voix des entrepreneurs, des fournisseurs et des professionnels des secteurs connexes qui travaillent dans ou avec l\u2019industrie canadienne de la construction institutionnelle, commerciale, industrielle et civile (ICIC), en mati\u00e8re de politiques publiques, de l\u00e9gislation et d\u2019\u00e9laboration de normes.<\/p>\n\n\n\n<p>Le secteur de la construction est l\u2019un des plus gros employeurs du Canada et contribue largement \u00e0 la r\u00e9ussite \u00e9conomique du pays. L\u2019industrie emploie quelque 1,6&nbsp;million de personnes au Canada et contribue annuellement \u00e0 l\u2019\u00e9conomie \u00e0 hauteur d\u2019environ 151&nbsp;milliards de dollars, soit quelque 7,4&nbsp;% du produit int\u00e9rieur brut du Canada (PIB).<\/p>\n","protected":false},"excerpt":{"rendered":"<p>La d\u00e9claration d\u2019hier laisse entrevoir des changements positifs, mais le manque de d\u00e9tails rend l\u2019industrie prudente. OTTAWA, le 22 novembre 2023 La d\u00e9claration \u00e9conomique d\u2019automne&nbsp;2023 publi\u00e9e hier met l\u2019accent sur les investissements n\u00e9cessaires dans le domaine du logement, mais n\u2019est pas \u00e0 la hauteur dans d\u2019autres domaines importants, notamment en ce qui concerne les mesures [&hellip;]<\/p>\n","protected":false},"author":1,"featured_media":0,"comment_status":"closed","ping_status":"closed","sticky":false,"template":"","format":"standard","meta":{"_acf_changed":false,"footnotes":""},"categories":[97],"tags":[],"class_list":["post-45276","post","type-post","status-publish","format-standard","hentry","category-communiques"],"acf":[],"_links":{"self":[{"href":"https:\/\/www.cca-acc.com\/fr\/wp-json\/wp\/v2\/posts\/45276","targetHints":{"allow":["GET"]}}],"collection":[{"href":"https:\/\/www.cca-acc.com\/fr\/wp-json\/wp\/v2\/posts"}],"about":[{"href":"https:\/\/www.cca-acc.com\/fr\/wp-json\/wp\/v2\/types\/post"}],"author":[{"embeddable":true,"href":"https:\/\/www.cca-acc.com\/fr\/wp-json\/wp\/v2\/users\/1"}],"replies":[{"embeddable":true,"href":"https:\/\/www.cca-acc.com\/fr\/wp-json\/wp\/v2\/comments?post=45276"}],"version-history":[{"count":5,"href":"https:\/\/www.cca-acc.com\/fr\/wp-json\/wp\/v2\/posts\/45276\/revisions"}],"predecessor-version":[{"id":45300,"href":"https:\/\/www.cca-acc.com\/fr\/wp-json\/wp\/v2\/posts\/45276\/revisions\/45300"}],"wp:attachment":[{"href":"https:\/\/www.cca-acc.com\/fr\/wp-json\/wp\/v2\/media?parent=45276"}],"wp:term":[{"taxonomy":"category","embeddable":true,"href":"https:\/\/www.cca-acc.com\/fr\/wp-json\/wp\/v2\/categories?post=45276"},{"taxonomy":"post_tag","embeddable":true,"href":"https:\/\/www.cca-acc.com\/fr\/wp-json\/wp\/v2\/tags?post=45276"}],"curies":[{"name":"wp","href":"https:\/\/api.w.org\/{rel}","templated":true}]}}